{"id":48,"date":"2025-07-10T14:10:17","date_gmt":"2025-07-10T17:10:17","guid":{"rendered":"https:\/\/circulodelasalud.mambo.com.py\/?p=48"},"modified":"2025-07-10T14:49:16","modified_gmt":"2025-07-10T17:49:16","slug":"%f0%9f%a7%a3-vacaciones-de-invierno-como-cuidar-a-tus-hijos-del-frio-sin-dejar-de-disfrutar","status":"publish","type":"post","link":"https:\/\/circulodelasalud.mambo.com.py\/?p=48","title":{"rendered":"\ud83e\udde3 Vacaciones de invierno: c\u00f3mo cuidar a tus hijos del fr\u00edo (sin dejar de disfrutar)"},"content":{"rendered":"\n<h2 class=\"wp-block-heading\">Las vacaciones de invierno son ese esperado respiro en medio del a\u00f1o escolar. M\u00e1s tiempo en casa, meriendas calientes, pel\u00edculas en familia\u2026 y tambi\u00e9n, m\u00e1s encierro, m\u00e1s cambios bruscos de temperatura y m\u00e1s virus dando vueltas.<\/h2>\n\n\n\n<p>\u00bfQuer\u00e9s saber c\u00f3mo cuidar mejor a tus hijos durante esta \u00e9poca sin caer en el encierro total ni exagerar? Ac\u00e1 te lo contamos, sin alarmas, pero con datos claros y consejos pr\u00e1cticos.<\/p>\n\n\n\n<hr class=\"wp-block-separator has-alpha-channel-opacity\"\/>\n\n\n\n<h2 class=\"wp-block-heading\"><strong>\ud83c\udf2c\ufe0f \u00bfPor qu\u00e9 hay m\u00e1s enfermedades respiratorias en invierno?<\/strong><\/h2>\n\n\n\n<p>Durante el invierno, el aire es m\u00e1s fr\u00edo y seco. Esto afecta las v\u00edas respiratorias, volvi\u00e9ndolas m\u00e1s vulnerables a virus como el de la gripe, el resfriado com\u00fan o el VSR (virus sincitial respiratorio). Adem\u00e1s:<\/p>\n\n\n\n<ul class=\"wp-block-list\">\n<li>Pasamos m\u00e1s tiempo en lugares cerrados y con poca ventilaci\u00f3n.<\/li>\n\n\n\n<li>Los chicos comparten espacios y objetos.<\/li>\n\n\n\n<li>Hay menos sol, menos actividad f\u00edsica y m\u00e1s contacto directo.<\/li>\n<\/ul>\n\n\n\n<p>La combinaci\u00f3n perfecta para que los virus hagan de las suyas.<\/p>\n\n\n\n<hr class=\"wp-block-separator has-alpha-channel-opacity\"\/>\n\n\n\n<h2 class=\"wp-block-heading\"><strong>\ud83d\udee1\ufe0f Claves para prevenir enfermedades en vacaciones<\/strong><\/h2>\n\n\n\n<p>Sabemos que no pod\u00e9s evitar todo, pero <strong>s\u00ed pod\u00e9s reducir los riesgos<\/strong>. Tom\u00e1 nota:<\/p>\n\n\n\n<h3 class=\"wp-block-heading\"><strong>\u2705 Ventil\u00e1 los ambientes<\/strong><\/h3>\n\n\n\n<p>Aunque haga fr\u00edo, abr\u00ed las ventanas al menos dos veces al d\u00eda, 10 minutos cada vez.<\/p>\n\n\n\n<p>El aire que circula <strong>reduce la concentraci\u00f3n de virus<\/strong> en el ambiente.<\/p>\n\n\n\n<h3 class=\"wp-block-heading\"><strong>\u2705 Humidific\u00e1 el aire<\/strong><\/h3>\n\n\n\n<p>El aire seco irrita la nariz, la garganta y los bronquios. Us\u00e1 un humidificador, coloc\u00e1 un recipiente con agua cerca de la estufa o colg\u00e1 una toalla mojada en la habitaci\u00f3n.<\/p>\n\n\n\n<h3 class=\"wp-block-heading\"><strong>\u2705 Fortalec\u00e9 las defensas<\/strong><\/h3>\n\n\n\n<ul class=\"wp-block-list\">\n<li>Alimentaci\u00f3n rica en frutas, verduras, legumbres y cereales.<\/li>\n\n\n\n<li>Buena hidrataci\u00f3n, aunque no tengan sed.<\/li>\n\n\n\n<li>Descanso suficiente.<\/li>\n\n\n\n<li>Actividad f\u00edsica (s\u00ed, tambi\u00e9n en invierno).<\/li>\n\n\n\n<li>Vacunaci\u00f3n actualizada.<\/li>\n<\/ul>\n\n\n\n<h3 class=\"wp-block-heading\"><strong>\u2705 Lavado de manos y uso responsable del barbijo<\/strong><\/h3>\n\n\n\n<p>El virus entra por la nariz, la boca y los ojos.<\/p>\n\n\n\n<p>Lavar las manos con agua y jab\u00f3n es una barrera b\u00e1sica.<\/p>\n\n\n\n<p>Y si vas a un lugar cerrado con mucha gente (cine, cumplea\u00f1os, sala de espera), el barbijo sigue siendo \u00fatil.<\/p>\n\n\n\n<hr class=\"wp-block-separator has-alpha-channel-opacity\"\/>\n\n\n\n<h2 class=\"wp-block-heading\"><strong>\ud83e\udd27 \u00bfY si aparece la tos o el catarro?<\/strong><\/h2>\n\n\n\n<ul class=\"wp-block-list\">\n<li>No lo minimices. Aunque sea un resfr\u00edo, es mejor <strong>actuar r\u00e1pido<\/strong>.<\/li>\n\n\n\n<li>Evit\u00e1 la automedicaci\u00f3n. Consult\u00e1 al pediatra o m\u00e9dico de cabecera.<\/li>\n\n\n\n<li>Manten\u00e9 al ni\u00f1o en casa si tiene fiebre, mucha tos o decaimiento.<\/li>\n\n\n\n<li>Si hay indicaci\u00f3n m\u00e9dica, una <strong>nebulizaci\u00f3n temprana<\/strong> puede aliviar s\u00edntomas y evitar que el cuadro se complique.<\/li>\n<\/ul>\n\n\n\n<hr class=\"wp-block-separator has-alpha-channel-opacity\"\/>\n\n\n\n<h2 class=\"wp-block-heading\"><strong>\ud83d\udca1 Tecnolog\u00eda que acompa\u00f1a<\/strong><\/h2>\n\n\n\n<p>En caso de que tu hijo necesite nebulizaci\u00f3n, hoy existen opciones mucho m\u00e1s c\u00f3modas que las de antes.<\/p>\n\n\n\n<p>Los <strong>nebulizadores de malla vibratoria<\/strong>:<\/p>\n\n\n\n<ul class=\"wp-block-list\">\n<li>Son silenciosos.<\/li>\n\n\n\n<li>Funcionan a pilas o por USB.<\/li>\n\n\n\n<li>Se pueden usar mientras el ni\u00f1o duerme o mira una peli.<\/li>\n\n\n\n<li>Generan una neblina fina que llega profundo a los pulmones.<\/li>\n<\/ul>\n\n\n\n<p>Y lo mejor: <strong>sirven para chicos y adultos<\/strong>. Una herramienta \u00fatil para toda la familia.<\/p>\n\n\n\n<hr class=\"wp-block-separator has-alpha-channel-opacity\"\/>\n\n\n\n<h2 class=\"wp-block-heading\"><strong>\ud83c\udf1f Reflexi\u00f3n final<\/strong><\/h2>\n\n\n\n<p>Las vacaciones de invierno son una linda oportunidad para compartir m\u00e1s tiempo con los que m\u00e1s quer\u00e9s. Pero tambi\u00e9n son una etapa sensible para la salud, especialmente en los m\u00e1s chicos. Prepararte con informaci\u00f3n clara, tomar precauciones simples y contar con las herramientas adecuadas puede marcar una gran diferencia.<\/p>\n\n\n\n<p>Porque respirar bien tambi\u00e9n es parte de disfrutar el invierno.<\/p>\n\n\n\n<hr class=\"wp-block-separator has-alpha-channel-opacity\"\/>\n\n\n\n<figure class=\"wp-block-image size-full\"><a href=\"https:\/\/wa.link\/vgr37x\" target=\"_blank\" rel=\"https:\/\/wa.link\/vgr37x\"><img loading=\"lazy\" decoding=\"async\" width=\"810\" height=\"200\" src=\"https:\/\/circulodelasalud.mambo.com.py\/wp-content\/uploads\/2025\/07\/Banner-Alternus-Wordpress2.jpg\" alt=\"\" class=\"wp-image-65\" srcset=\"https:\/\/circulodelasalud.mambo.com.py\/wp-content\/uploads\/2025\/07\/Banner-Alternus-Wordpress2.jpg 810w, https:\/\/circulodelasalud.mambo.com.py\/wp-content\/uploads\/2025\/07\/Banner-Alternus-Wordpress2-300x74.jpg 300w, https:\/\/circulodelasalud.mambo.com.py\/wp-content\/uploads\/2025\/07\/Banner-Alternus-Wordpress2-768x190.jpg 768w\" sizes=\"auto, (max-width: 810px) 100vw, 810px\" \/><\/a><\/figure>\n\n\n\n<p><\/p>\n","protected":false},"excerpt":{"rendered":"<p>Las vacaciones de invierno son ese esperado respiro en medio del a\u00f1o escolar. M\u00e1s tiempo en casa, meriendas calientes, pel\u00edculas<\/p>\n","protected":false},"author":1,"featured_media":49,"comment_status":"open","ping_status":"open","sticky":false,"template":"","format":"standard","meta":{"footnotes":""},"categories":[2],"tags":[20,8,16,11,30,25,24,12,21,29,10,7,28,26,13,27,23,17,31,19],"class_list":["post-48","post","type-post","status-publish","format-standard","has-post-thumbnail","hentry","category-cuidado-respiratorio","tag-aire-seco","tag-alternus","tag-bienestar-familiar","tag-bronquitis","tag-cuidado-de-ninos","tag-cuidados-respiratorios","tag-enfermedades-respiratorias","tag-gripe","tag-humidificador","tag-invierno-en-paraguay","tag-malla-vibratoria","tag-nebulizacion","tag-padres-e-hijos","tag-prevencion-en-invierno","tag-resfrio","tag-salud-en-familia","tag-salud-infantil","tag-tecnologia-medica","tag-tos","tag-vacaciones-de-invierno"],"_links":{"self":[{"href":"https:\/\/circulodelasalud.mambo.com.py\/index.php?rest_route=\/wp\/v2\/posts\/48","targetHints":{"allow":["GET"]}}],"collection":[{"href":"https:\/\/circulodelasalud.mambo.com.py\/index.php?rest_route=\/wp\/v2\/posts"}],"about":[{"href":"https:\/\/circulodelasalud.mambo.com.py\/index.php?rest_route=\/wp\/v2\/types\/post"}],"author":[{"embeddable":true,"href":"https:\/\/circulodelasalud.mambo.com.py\/index.php?rest_route=\/wp\/v2\/users\/1"}],"replies":[{"embeddable":true,"href":"https:\/\/circulodelasalud.mambo.com.py\/index.php?rest_route=%2Fwp%2Fv2%2Fcomments&post=48"}],"version-history":[{"count":9,"href":"https:\/\/circulodelasalud.mambo.com.py\/index.php?rest_route=\/wp\/v2\/posts\/48\/revisions"}],"predecessor-version":[{"id":66,"href":"https:\/\/circulodelasalud.mambo.com.py\/index.php?rest_route=\/wp\/v2\/posts\/48\/revisions\/66"}],"wp:featuredmedia":[{"embeddable":true,"href":"https:\/\/circulodelasalud.mambo.com.py\/index.php?rest_route=\/wp\/v2\/media\/49"}],"wp:attachment":[{"href":"https:\/\/circulodelasalud.mambo.com.py\/index.php?rest_route=%2Fwp%2Fv2%2Fmedia&parent=48"}],"wp:term":[{"taxonomy":"category","embeddable":true,"href":"https:\/\/circulodelasalud.mambo.com.py\/index.php?rest_route=%2Fwp%2Fv2%2Fcategories&post=48"},{"taxonomy":"post_tag","embeddable":true,"href":"https:\/\/circulodelasalud.mambo.com.py\/index.php?rest_route=%2Fwp%2Fv2%2Ftags&post=48"}],"curies":[{"name":"wp","href":"https:\/\/api.w.org\/{rel}","templated":true}]}}