{"id":42,"date":"2025-07-10T14:00:08","date_gmt":"2025-07-10T17:00:08","guid":{"rendered":"https:\/\/circulodelasalud.mambo.com.py\/?p=42"},"modified":"2025-07-10T14:51:07","modified_gmt":"2025-07-10T17:51:07","slug":"como-cuidar-tu-respiracion-este-invierno-explicado-como-si-manejaras-un-auto","status":"publish","type":"post","link":"https:\/\/circulodelasalud.mambo.com.py\/?p=42","title":{"rendered":"C\u00f3mo cuidar tu sistema respiratorio en este invierno (explicado como si manejaras un auto)"},"content":{"rendered":"\n<h2 class=\"wp-block-heading\">Con la llegada del invierno, tambi\u00e9n aparecen el fr\u00edo, el aire seco y ese desfile interminable de gripes, resfr\u00edos y bronquitis que ya conoc\u00e9s. Pero hoy queremos contarte c\u00f3mo pod\u00e9s prepararte para enfrentar estos desaf\u00edos <strong>antes de que aparezcan los s\u00edntomas<\/strong>. <\/h2>\n\n\n\n<p>\u00bfY si te dij\u00e9ramos que cuidar tus pulmones en esta \u00e9poca del a\u00f1o es muy parecido a manejar un auto bajo la lluvia o con niebla?<\/p>\n\n\n\n<p>S\u00ed, le\u00edste bien. Segu\u00ed leyendo y vas a ver por qu\u00e9 esta comparaci\u00f3n tiene m\u00e1s sentido del que parece.<\/p>\n\n\n\n<hr class=\"wp-block-separator has-alpha-channel-opacity\"\/>\n\n\n\n<h2 class=\"wp-block-heading\"><strong>\ud83d\ude98 Imagin\u00e1 que est\u00e1s manejando en un d\u00eda complicado\u2026<\/strong><\/h2>\n\n\n\n<p>Llovizna, niebla espesa, pavimento resbaladizo. \u00bfQu\u00e9 hac\u00e9s?<\/p>\n\n\n\n<ul class=\"wp-block-list\">\n<li>Baj\u00e1s la velocidad.<\/li>\n\n\n\n<li>Encend\u00e9s las luces.<\/li>\n\n\n\n<li>Reforz\u00e1s tu atenci\u00f3n.<\/li>\n\n\n\n<li>Te pon\u00e9s el cintur\u00f3n, aunque no haya un choque a la vista.<\/li>\n<\/ul>\n\n\n\n<p><strong>Eso es prevenir.<\/strong> No esper\u00e1s a tener un accidente para cuidarte. Actu\u00e1s antes. Con tu cuerpo, deber\u00eda pasar lo mismo.<\/p>\n\n\n\n<hr class=\"wp-block-separator has-alpha-channel-opacity\"\/>\n\n\n\n<h2 class=\"wp-block-heading\"><strong>\ud83d\udee1\ufe0f Tus pulmones tambi\u00e9n necesitan \u201cseguridad vial\u201d<\/strong><\/h2>\n\n\n\n<p>Vamos con algunas comparaciones que te van a ayudar a entender c\u00f3mo funciona esto:<\/p>\n\n\n\n<ul class=\"wp-block-list\">\n<li><strong>Lavarte las manos y usar barbijo = manejar con cuidado.<\/strong> Reduc\u00eds el riesgo de \u201ccruzarte\u201d con virus.<\/li>\n\n\n\n<li><strong>Vacunarte = usar el cintur\u00f3n de seguridad.<\/strong> Quiz\u00e1s el virus igual aparezca, pero el impacto va a ser mucho menor.<\/li>\n\n\n\n<li><strong>Tratar los primeros s\u00edntomas a tiempo = tener buenos frenos y airbags.<\/strong> Cuanto antes reacciones, m\u00e1s chances ten\u00e9s de evitar que el cuadro se complique.<\/li>\n\n\n\n<li><strong>Ventilar tu casa = limpiar el parabrisas.<\/strong> Si el aire est\u00e1 viciado, todo se vuelve m\u00e1s riesgoso. Ventilar bien hace una gran diferencia.<\/li>\n<\/ul>\n\n\n\n<hr class=\"wp-block-separator has-alpha-channel-opacity\"\/>\n\n\n\n<h2 class=\"wp-block-heading\"><strong>\ud83c\udf2c\ufe0f El aire fr\u00edo y seco tambi\u00e9n juega en contra<\/strong><\/h2>\n\n\n\n<p>\u00bfNotaste que en invierno ten\u00e9s la nariz seca o la garganta m\u00e1s sensible? Eso pasa porque el aire fr\u00edo <strong>reseca<\/strong> las v\u00edas respiratorias. Y si est\u00e1n resecas, son m\u00e1s vulnerables a los virus.<\/p>\n\n\n\n<p>\u00bfQu\u00e9 pod\u00e9s hacer?<\/p>\n\n\n\n<ul class=\"wp-block-list\">\n<li>Us\u00e1 humidificador o un recipiente con agua cerca de la estufa.<\/li>\n\n\n\n<li>Evit\u00e1 salir muy temprano o muy tarde.<\/li>\n\n\n\n<li>Cubrite bien la boca y la nariz con una bufanda al salir.<\/li>\n<\/ul>\n\n\n\n<hr class=\"wp-block-separator has-alpha-channel-opacity\"\/>\n\n\n\n<h2 class=\"wp-block-heading\"><strong>\ud83d\udc69\u200d\ud83d\udc67\u200d\ud83d\udc66 Vacaciones = m\u00e1s tiempo en casa<\/strong><\/h2>\n\n\n\n<p>Desde el lunes 14 empiezan las vacaciones de invierno para los chicos. Y aunque eso puede ser una alegr\u00eda, tambi\u00e9n significa m\u00e1s encierro, menos ventilaci\u00f3n\u2026 y m\u00e1s chances de que los virus circulen entre los miembros de la familia.<\/p>\n\n\n\n<p>Por eso, m\u00e1s que nunca, <strong>vale la pena estar preparados<\/strong>.<\/p>\n\n\n\n<hr class=\"wp-block-separator has-alpha-channel-opacity\"\/>\n\n\n\n<h2 class=\"wp-block-heading\"><strong>\ud83d\udca1 \u00bfQu\u00e9 es un nebulizador port\u00e1til y por qu\u00e9 puede ayudarte?<\/strong><\/h2>\n\n\n\n<p>Probablemente conoc\u00e9s los nebulizadores de antes: ruidosos, con mangueras, complicados.<\/p>\n\n\n\n<p>Pero ahora existe una nueva generaci\u00f3n: los <strong>nebulizadores de malla vibratoria<\/strong>, como <strong>Alternus<\/strong>.<\/p>\n\n\n\n<ul class=\"wp-block-list\">\n<li>Son silenciosos.<\/li>\n\n\n\n<li>Livianos.<\/li>\n\n\n\n<li>Funcionan a pilas o por USB.<\/li>\n\n\n\n<li>No hacen falta cables ni compresores.<\/li>\n\n\n\n<li>Pod\u00e9s usarlos mientras tu hijo duerme o mira la tele.<\/li>\n\n\n\n<li>Generan una neblina suave que llega mejor a los bronquios.<\/li>\n<\/ul>\n\n\n\n<p>Es como pasar de un auto viejo a uno con direcci\u00f3n hidr\u00e1ulica, aire y frenos ABS: la experiencia es otra.<\/p>\n\n\n\n<hr class=\"wp-block-separator has-alpha-channel-opacity\"\/>\n\n\n\n<h2 class=\"wp-block-heading\"><strong>\u2705 Cinco cosas que pod\u00e9s hacer desde hoy<\/strong><\/h2>\n\n\n\n<ol start=\"1\" class=\"wp-block-list\">\n<li>Si todav\u00eda no te vacunaste contra la gripe o el COVID, consult\u00e1 con tu m\u00e9dico.<\/li>\n\n\n\n<li>Ventil\u00e1 tu casa dos veces al d\u00eda, aunque sea por 10 minutos.<\/li>\n\n\n\n<li>Lavate bien las manos al llegar a casa.<\/li>\n\n\n\n<li>Ante s\u00edntomas, no esperes: comenz\u00e1 el tratamiento que te indic\u00f3 tu m\u00e9dico.<\/li>\n\n\n\n<li>Ten\u00e9 a mano un nebulizador, term\u00f3metro y lo b\u00e1sico para actuar r\u00e1pido.<\/li>\n<\/ol>\n\n\n\n<p><br>Para cerrar, no se trata de vivir con miedo, sino de vivir con conciencia. El invierno puede ser una \u00e9poca complicada para las v\u00edas respiratorias, pero con peque\u00f1as acciones \u2014como ventilar, vacunarse, actuar a tiempo y contar con las herramientas adecuadas\u2014 pod\u00e9s pasar la temporada con m\u00e1s tranquilidad. Cuidarte no tiene que ser dif\u00edcil, solo requiere decisi\u00f3n. \u00a1Este invierno, que respirar bien sea parte de tu rutina!<\/p>\n\n\n\n<figure class=\"wp-block-image size-full\"><a href=\"https:\/\/wa.link\/vgr37x\" rel=\"https:\/\/wa.link\/vgr37x\"><img loading=\"lazy\" decoding=\"async\" width=\"810\" height=\"200\" src=\"https:\/\/circulodelasalud.mambo.com.py\/wp-content\/uploads\/2025\/07\/Banner-Alternus-Wordpress2.jpg\" alt=\"Nebulizador Alternus\" class=\"wp-image-65\" srcset=\"https:\/\/circulodelasalud.mambo.com.py\/wp-content\/uploads\/2025\/07\/Banner-Alternus-Wordpress2.jpg 810w, https:\/\/circulodelasalud.mambo.com.py\/wp-content\/uploads\/2025\/07\/Banner-Alternus-Wordpress2-300x74.jpg 300w, https:\/\/circulodelasalud.mambo.com.py\/wp-content\/uploads\/2025\/07\/Banner-Alternus-Wordpress2-768x190.jpg 768w\" sizes=\"auto, (max-width: 810px) 100vw, 810px\" \/><\/a><\/figure>\n","protected":false},"excerpt":{"rendered":"<p>Con la llegada del invierno, tambi\u00e9n aparecen el fr\u00edo, el aire seco y ese desfile interminable de gripes, resfr\u00edos y<\/p>\n","protected":false},"author":1,"featured_media":44,"comment_status":"open","ping_status":"open","sticky":false,"template":"","format":"standard","meta":{"footnotes":""},"categories":[2],"tags":[20,8,16,11,5,15,12,21,3,10,7,9,14,6,13,18,22,4,17,19],"class_list":["post-42","post","type-post","status-publish","format-standard","has-post-thumbnail","hentry","category-cuidado-respiratorio","tag-aire-seco","tag-alternus","tag-bienestar-familiar","tag-bronquitis","tag-cuidados-en-invierno","tag-cuidados-para-ninos","tag-gripe","tag-humidificador","tag-invierno","tag-malla-vibratoria","tag-nebulizacion","tag-nebulizadores-portatiles","tag-pediatria","tag-prevencion-enfermedades-respiratorias","tag-resfrio","tag-respiracion","tag-salud-pulmonar","tag-salud-respiratoria","tag-tecnologia-medica","tag-vacaciones-de-invierno"],"_links":{"self":[{"href":"https:\/\/circulodelasalud.mambo.com.py\/index.php?rest_route=\/wp\/v2\/posts\/42","targetHints":{"allow":["GET"]}}],"collection":[{"href":"https:\/\/circulodelasalud.mambo.com.py\/index.php?rest_route=\/wp\/v2\/posts"}],"about":[{"href":"https:\/\/circulodelasalud.mambo.com.py\/index.php?rest_route=\/wp\/v2\/types\/post"}],"author":[{"embeddable":true,"href":"https:\/\/circulodelasalud.mambo.com.py\/index.php?rest_route=\/wp\/v2\/users\/1"}],"replies":[{"embeddable":true,"href":"https:\/\/circulodelasalud.mambo.com.py\/index.php?rest_route=%2Fwp%2Fv2%2Fcomments&post=42"}],"version-history":[{"count":4,"href":"https:\/\/circulodelasalud.mambo.com.py\/index.php?rest_route=\/wp\/v2\/posts\/42\/revisions"}],"predecessor-version":[{"id":67,"href":"https:\/\/circulodelasalud.mambo.com.py\/index.php?rest_route=\/wp\/v2\/posts\/42\/revisions\/67"}],"wp:featuredmedia":[{"embeddable":true,"href":"https:\/\/circulodelasalud.mambo.com.py\/index.php?rest_route=\/wp\/v2\/media\/44"}],"wp:attachment":[{"href":"https:\/\/circulodelasalud.mambo.com.py\/index.php?rest_route=%2Fwp%2Fv2%2Fmedia&parent=42"}],"wp:term":[{"taxonomy":"category","embeddable":true,"href":"https:\/\/circulodelasalud.mambo.com.py\/index.php?rest_route=%2Fwp%2Fv2%2Fcategories&post=42"},{"taxonomy":"post_tag","embeddable":true,"href":"https:\/\/circulodelasalud.mambo.com.py\/index.php?rest_route=%2Fwp%2Fv2%2Ftags&post=42"}],"curies":[{"name":"wp","href":"https:\/\/api.w.org\/{rel}","templated":true}]}}